{"id":6,"date":"2011-11-19T23:24:15","date_gmt":"2011-11-19T22:24:15","guid":{"rendered":"http:\/\/www.encatalogue.com\/capvers2\/?p=6"},"modified":"2013-01-02T09:12:45","modified_gmt":"2013-01-02T08:12:45","slug":"5eme-rencontre-des-voyageurs-a-laval","status":"publish","type":"post","link":"https:\/\/www.encatalogue.com\/capvers2\/5eme-rencontre-des-voyageurs-a-laval\/","title":{"rendered":"5<sup>\u00e8me<\/sup> rencontre des voyageurs \u00e0 Laval"},"content":{"rendered":"<p><div id=\"attachment_32\" style=\"width: 460px\" class=\"wp-caption aligncenter\"><a href=\"http:\/\/www.encatalogue.com\/capvers2\/wp-content\/uploads\/2011\/11\/111119-rencontre-des-voyageurs-038.jpg\"><img loading=\"lazy\" decoding=\"async\" aria-describedby=\"caption-attachment-32\" src=\"http:\/\/www.encatalogue.com\/capvers2\/wp-content\/uploads\/2011\/11\/111119-rencontre-des-voyageurs-038.jpg\" alt=\"La salle lors de la rencontre des voyageurs 2011\" title=\"Rencontre des voyageurs 2011\" width=\"450\" height=\"299\" class=\"size-full wp-image-32\" srcset=\"https:\/\/www.encatalogue.com\/capvers2\/wp-content\/uploads\/2011\/11\/111119-rencontre-des-voyageurs-038.jpg 450w, https:\/\/www.encatalogue.com\/capvers2\/wp-content\/uploads\/2011\/11\/111119-rencontre-des-voyageurs-038-300x199.jpg 300w\" sizes=\"auto, (max-width: 450px) 100vw, 450px\" \/><\/a><p id=\"caption-attachment-32\" class=\"wp-caption-text\">La salle lors de la rencontre des voyageurs 2011<\/p><\/div><br \/>\nSamedi 19 novembre 2011, au Palindrome \u00e0 Laval se tenait la 5<sup>\u00e8me<\/sup> rencontre des voyageurs Cap Vers. Au programme, il y avait l&rsquo;exposition photo des adh\u00e9rents \u00ab\u00a0C&rsquo;est vachement bien !\u00a0\u00bb, le stand de l&rsquo;association et la pr\u00e9sence de Hadrien Rabouin qui a pr\u00e9sent\u00e9 son diaporama. <\/p>\n<p>A l&rsquo;\u00e2ge de 17 ans, ce jeune fils d&rsquo;agriculteur part sur les routes de France avec Camomille, une jeune g\u00e9nisse. Ensemble il parcours pendant 4 mois 1300 kilom\u00e8tres en autonomie.<\/p>\n<p>Le programme : <\/p>\n<p>18 h. Un conte voyageur par C\u00e9line Pelluau qui, le 10 octobre 2009, a enfourch\u00e9 sa bicyclette pour accompagner son meilleur ami en voyage autour du monde. Ils partiront 7 mois et traverseront la Turquie, la Syrie, la Jordanie, l&rsquo;\u00c9gypte pour terminer leur p\u00e9riple en Inde.<\/p>\n<p>19 h 30. Restauration autour de la cuisine du monde.<\/p>\n<p>21 h. Le journal d&rsquo;Hadrien et Camomille. Son bac d\u00e9croch\u00e9 et un sac de riz en poche, Hadrien, 17 ans, d\u00e9cide de partir en voyage. Durant quatre mois, il va arpenter les routes de France en compagnie de Camomille, sa vache. Il parcourra 1 300 km et fera des dizaines de rencontres.<\/p>\n<p>Toute la journ\u00e9e : exposition photo \u00ab Vachement bien ! \u00bb par les adh\u00e9rents de l&rsquo;association. <\/p>\n<p><center><\/p>\n<div style=\"width:425px\" id=\"__ss_10245032\">  <iframe loading=\"lazy\" src=\"http:\/\/www.slideshare.net\/slideshow\/embed_code\/10245032\" width=\"425\" height=\"355\" frameborder=\"0\" marginwidth=\"0\" marginheight=\"0\" scrolling=\"no\"><\/iframe>  <\/div>\n<p><\/center><\/p>\n","protected":false},"excerpt":{"rendered":"<p>Samedi 19 novembre 2011, au Palindrome \u00e0 Laval se tenait la 5\u00e8me rencontre des voyageurs Cap Vers. Au programme, il y avait l&rsquo;exposition photo des adh\u00e9rents \u00ab\u00a0C&rsquo;est vachement bien !\u00a0\u00bb, le stand de l&rsquo;association et la pr\u00e9sence de Hadrien Rabouin &hellip; <a class=\"more-link\" href=\"https:\/\/www.encatalogue.com\/capvers2\/5eme-rencontre-des-voyageurs-a-laval\/\">read more<span class=\"meta-nav\"><\/span><\/a><\/p>\n","protected":false},"author":1,"featured_media":0,"comment_status":"open","ping_status":"open","sticky":false,"template":"","format":"standard","meta":{"footnotes":""},"categories":[7],"tags":[28,27],"class_list":["post-6","post","type-post","status-publish","format-standard","hentry","category-vie_asso","tag-exposition","tag-rencontre"],"_links":{"self":[{"href":"https:\/\/www.encatalogue.com\/capvers2\/wp-json\/wp\/v2\/posts\/6","targetHints":{"allow":["GET"]}}],"collection":[{"href":"https:\/\/www.encatalogue.com\/capvers2\/wp-json\/wp\/v2\/posts"}],"about":[{"href":"https:\/\/www.encatalogue.com\/capvers2\/wp-json\/wp\/v2\/types\/post"}],"author":[{"embeddable":true,"href":"https:\/\/www.encatalogue.com\/capvers2\/wp-json\/wp\/v2\/users\/1"}],"replies":[{"embeddable":true,"href":"https:\/\/www.encatalogue.com\/capvers2\/wp-json\/wp\/v2\/comments?post=6"}],"version-history":[{"count":10,"href":"https:\/\/www.encatalogue.com\/capvers2\/wp-json\/wp\/v2\/posts\/6\/revisions"}],"predecessor-version":[{"id":238,"href":"https:\/\/www.encatalogue.com\/capvers2\/wp-json\/wp\/v2\/posts\/6\/revisions\/238"}],"wp:attachment":[{"href":"https:\/\/www.encatalogue.com\/capvers2\/wp-json\/wp\/v2\/media?parent=6"}],"wp:term":[{"taxonomy":"category","embeddable":true,"href":"https:\/\/www.encatalogue.com\/capvers2\/wp-json\/wp\/v2\/categories?post=6"},{"taxonomy":"post_tag","embeddable":true,"href":"https:\/\/www.encatalogue.com\/capvers2\/wp-json\/wp\/v2\/tags?post=6"}],"curies":[{"name":"wp","href":"https:\/\/api.w.org\/{rel}","templated":true}]}}