{"id":141,"date":"2009-11-29T23:29:01","date_gmt":"2009-11-29T22:29:01","guid":{"rendered":"http:\/\/www.encatalogue.com\/capvers2\/?p=141"},"modified":"2011-11-21T23:30:46","modified_gmt":"2011-11-21T22:30:46","slug":"olivia-dierauer-et-yves-chaloin-tour-du-monde-en-velo-et-en-cargo","status":"publish","type":"post","link":"https:\/\/www.encatalogue.com\/capvers2\/olivia-dierauer-et-yves-chaloin-tour-du-monde-en-velo-et-en-cargo\/","title":{"rendered":"Olivia Dierauer et Yves Chaloin \u00ab\u00a0Tour du monde en v\u00e9lo et en cargo\u00a0\u00bb"},"content":{"rendered":"<p><em>2009-11-29 13:26:15<\/em><br \/>\nBelle soir\u00e9e pour la 4\u00e8me rencontre des voyageurs \u00e0 Laval, avec en seconde partie Olivia Dieruer et Yves Chaloin pour nous pr\u00e9senter le film de leurs 2 ann\u00e9es au tour du monde.<\/p>\n<p><embed id=VideoPlayback src=http:\/\/video.google.fr\/googleplayer.swf?docid=-1570506068726423053&#038;hl=fr&#038;fs=true style=width:400px;height:326px allowFullScreen=true allowScriptAccess=always type=application\/x-shockwave-flash> <\/embed><\/p>\n<p><embed id=VideoPlayback src=http:\/\/video.google.com\/googleplayer.swf?docid=1903314160532673043&#038;hl=fr&#038;fs=true style=width:400px;height:326px allowFullScreen=true allowScriptAccess=always type=application\/x-shockwave-flash> <\/embed><\/p>\n","protected":false},"excerpt":{"rendered":"<p>2009-11-29 13:26:15 Belle soir\u00e9e pour la 4\u00e8me rencontre des voyageurs \u00e0 Laval, avec en seconde partie Olivia Dieruer et Yves Chaloin pour nous pr\u00e9senter le film de leurs 2 ann\u00e9es au tour du monde. <a class=\"more-link\" href=\"https:\/\/www.encatalogue.com\/capvers2\/olivia-dierauer-et-yves-chaloin-tour-du-monde-en-velo-et-en-cargo\/\">read more<span class=\"meta-nav\"><\/span><\/a><\/p>\n","protected":false},"author":1,"featured_media":0,"comment_status":"open","ping_status":"open","sticky":false,"template":"","format":"standard","meta":{"footnotes":""},"categories":[7],"tags":[38,39,40,37],"class_list":["post-141","post","type-post","status-publish","format-standard","hentry","category-vie_asso","tag-cargo","tag-handicap","tag-tour-du-monde","tag-velo"],"_links":{"self":[{"href":"https:\/\/www.encatalogue.com\/capvers2\/wp-json\/wp\/v2\/posts\/141","targetHints":{"allow":["GET"]}}],"collection":[{"href":"https:\/\/www.encatalogue.com\/capvers2\/wp-json\/wp\/v2\/posts"}],"about":[{"href":"https:\/\/www.encatalogue.com\/capvers2\/wp-json\/wp\/v2\/types\/post"}],"author":[{"embeddable":true,"href":"https:\/\/www.encatalogue.com\/capvers2\/wp-json\/wp\/v2\/users\/1"}],"replies":[{"embeddable":true,"href":"https:\/\/www.encatalogue.com\/capvers2\/wp-json\/wp\/v2\/comments?post=141"}],"version-history":[{"count":1,"href":"https:\/\/www.encatalogue.com\/capvers2\/wp-json\/wp\/v2\/posts\/141\/revisions"}],"predecessor-version":[{"id":142,"href":"https:\/\/www.encatalogue.com\/capvers2\/wp-json\/wp\/v2\/posts\/141\/revisions\/142"}],"wp:attachment":[{"href":"https:\/\/www.encatalogue.com\/capvers2\/wp-json\/wp\/v2\/media?parent=141"}],"wp:term":[{"taxonomy":"category","embeddable":true,"href":"https:\/\/www.encatalogue.com\/capvers2\/wp-json\/wp\/v2\/categories?post=141"},{"taxonomy":"post_tag","embeddable":true,"href":"https:\/\/www.encatalogue.com\/capvers2\/wp-json\/wp\/v2\/tags?post=141"}],"curies":[{"name":"wp","href":"https:\/\/api.w.org\/{rel}","templated":true}]}}